{"id":210,"date":"2020-11-18T08:51:29","date_gmt":"2020-11-18T13:51:29","guid":{"rendered":"https:\/\/marcelviau.net\/?p=210"},"modified":"2021-01-14T11:11:06","modified_gmt":"2021-01-14T16:11:06","slug":"une-saga-alsacienne","status":"publish","type":"post","link":"https:\/\/marcelviau.net\/?p=210","title":{"rendered":"Une saga alsacienne"},"content":{"rendered":"\n[Best_Wordpress_Gallery id=\u00a0\u00bb2&Prime; gal_title=\u00a0\u00bbEmmanuel\u00a0\u00bb]\n\n\n\n<p><\/p>\n\n\n\n<p>Dans le cadre d\u2019une s\u00e9rie de commentaires que je souhaite faire de romans policiers historiques, je voudrais d\u00e9buter par une trilogie \u00e9crite par Emmanuel Viau et publi\u00e9e r\u00e9cemment (2017-2019) aux \u00c9ditions du Signe. Ces trois ouvrages ne sont pas \u00e0 proprement parler des polars\u2009; on devrait plut\u00f4t les qualifier de romans noirs. Ils n\u2019en restent pas moins fascinants, ne serait-ce que du point de vue historique. L\u2019auteur y aborde l\u2019Alsace sous un angle nouveau, du moins pour ceux et celles qui ne sont pas familiers avec le pass\u00e9 tr\u00e8s riche de cette r\u00e9gion de l\u2019Europe qui fut de tout temps un lieu de passage des empires, des royaumes et des \u00c9tats.&nbsp;<\/p>\n\n\n\n<p>Les trois livres abordent trois p\u00e9riodes diff\u00e9rentes (quatre en fait) de l\u2019histoire d\u2019Alsace.<\/p>\n\n\n\n<p>Dans&nbsp;<em>Les l\u00e9gions furieuses<\/em>&nbsp;(2017), on \u00e9voque la danse des fous qui se produisit pendant un laps de temps tr\u00e8s court&nbsp;de la longue histoire de Strasbourg, en 1518. Durant quelques semaines, une \u00e9pid\u00e9mie de manie dansante jeta \u00e0 la rue des milliers de malades. Il s\u2019agit de la fameuse \u00ab\u2009danse de Saint-Guy\u2009\u00bb rest\u00e9e c\u00e9l\u00e8bre sous ce nom dans la m\u00e9moire des hommes. La furie se termina&nbsp;abruptement&nbsp;sans&nbsp;que personne, m\u00eame aujourd\u2019hui, n\u2019ait \u00e9t\u00e9 capable d\u2019expliquer le ph\u00e9nom\u00e8ne. L\u2019auteur met en sc\u00e8ne des personnages tout en contraste dont certains seront r\u00e9currents dans les deux autres ouvrages. Les descriptions de Strasbourg et des environs sont hallucinantes de v\u00e9rit\u00e9. On croirait y \u00eatre\u2009!<\/p>\n\n\n\n<p>Le deuxi\u00e8me livre,&nbsp;<em>Le sang des paysans<\/em>&nbsp;(2018), porte sur le massacre de l\u2019arm\u00e9e des paysans en face de la ville de Saverne en 1525. Des milliers d\u2019hommes furent tu\u00e9s en une seule journ\u00e9e. On retrouve l\u2019un des personnages, Vit, enfant dans le premier livre, qui a pris la t\u00eate du soul\u00e8vement. Cette insurrection, l\u2019une des premi\u00e8res grandes r\u00e9voltes populaires de l\u2019Europe moderne, fut r\u00e9prim\u00e9e dans le sang par une caste aristocratique impitoyable. \u00c9videmment, les choses tourn\u00e8rent mal et plusieurs mourront dans la tourmente. Mais \u00e0 la toute fin du roman, la musique jou\u00e9e par une myst\u00e9rieuse fl\u00fbte nous permet de garder espoir.<\/p>\n\n\n\n<p>Le troisi\u00e8me livre se passe sur deux p\u00e9riodes diff\u00e9rentes. Nous sommes toujours sur la lanc\u00e9e du livre pr\u00e9c\u00e9dent lorsqu\u2019arrive le grand incendie du monast\u00e8re du Mont Saint-Odile en 1546 pendant lequel nous suivons les traces de Marie,&nbsp;<em>La petite muette du Mont Saint-Odile<\/em>&nbsp;(2019). En parall\u00e8le, l\u2019auteur nous accompagne dans un des \u00e9v\u00e9nements les plus noirs de l\u2019histoire de Strasbourg, \u00e0 savoir le massacre de la Saint Valentin deux si\u00e8cles auparavant, soit en 1349. Ce jour-l\u00e0, la communaut\u00e9 juive de la ville a presque \u00e9t\u00e9 \u00e9radiqu\u00e9e. Si, d\u2019un premier abord, il n\u2019est pas \u00e9vident d\u2019apercevoir le lien entre ces deux \u00e9v\u00e9nements, la conclusion se chargera de nous le montrer, ce qui aura l\u2019heur de surprendre le lecteur \u00e0 de nombreux \u00e9gards. Cette conclusion peut d\u2019ailleurs \u00eatre consid\u00e9r\u00e9e comme une sorte d\u2019\u00e9pilogue \u00e0 l\u2019ensemble de la trilogie.&nbsp;<\/p>\n\n\n\n<p>La trilogie d\u2019Emmanuel Viau est une v\u00e9ritable saga alsacienne. L\u2019auteur a fait montre d\u2019une grande exactitude historique, du moins selon certains fins connaisseurs du pays. Mais il y a beaucoup plus. Les trois livres nous tiennent en haleine tout du long par des intrigues particuli\u00e8rement bien ficel\u00e9es. Les personnages (les bons comme les m\u00e9chants) sont parfaitement cr\u00e9dibles malgr\u00e9 la distance historique. De plus, les protagonistes sont particuli\u00e8rement attachants, ce qui nous fait m\u00eame regretter parfois de les perdre en route. Le rythme des ouvrages est haletant, \u00e0 tel point que nous regrettons souvent de devoir interrompre la lecture.&nbsp;<\/p>\n\n\n\n<p>Ne boudez pas votre plaisir et d\u00e9p\u00eachez-vous de vous procurer cette magnifique saga alsacienne. Les trois volumes sont disponibles dans toutes les bonnes librairies fran\u00e7aises. Quelques exemples&nbsp;:&nbsp;<a href=\"https:\/\/www.fnac.com\/SearchResult\/ResultList.aspx?SCat=0%211&amp;Search=Emmanule+Viau+Du+Sign+eds&amp;sft=1&amp;sa=0\">FNAC<\/a>,&nbsp;<a href=\"https:\/\/www.amazon.fr\/s?k=Emmanuel+Viau+Signe&amp;i=stripbooks&amp;__mk_fr_FR=%C3%85M%C3%85%C5%BD%C3%95%C3%91&amp;ref=nb_sb_noss\">Amazon.fr<\/a>. On peut \u00e9galement se les procurer au Canada chez&nbsp;<a href=\"https:\/\/www.amazon.ca\/s?k=Emmanuel+Viau+Signe&amp;i=stripbooks&amp;__mk_fr_CA=%C3%85M%C3%85%C5%BD%C3%95%C3%91&amp;ref=nb_sb_noss\">Amazon.ca<\/a>.<\/p>\n\n\n\n<p>Marcel Viau<\/p>\n","protected":false},"excerpt":{"rendered":"<p>Dans le cadre d\u2019une s\u00e9rie de commentaires que je souhaite faire de romans policiers historiques, je voudrais d\u00e9buter par une trilogie \u00e9crite par Emmanuel Viau et publi\u00e9e r\u00e9cemment (2017-2019) aux \u00c9ditions du Signe. Ces trois ouvrages ne sont pas \u00e0 proprement parler des polars\u2009; on devrait plut\u00f4t les qualifier de romans noirs. Ils n\u2019en restent &#8230; <a title=\"Une saga alsacienne\" class=\"read-more\" href=\"https:\/\/marcelviau.net\/?p=210\" aria-label=\"En savoir plus sur Une saga alsacienne\">Lire la suite<\/a><\/p>\n","protected":false},"author":1,"featured_media":0,"comment_status":"open","ping_status":"open","sticky":false,"template":"","format":"standard","meta":{"_jetpack_memberships_contains_paid_content":false,"footnotes":"","jetpack_publicize_message":"","jetpack_publicize_feature_enabled":true,"jetpack_social_post_already_shared":false,"jetpack_social_options":{"image_generator_settings":{"template":"highway","default_image_id":0,"font":"","enabled":false},"version":2}},"categories":[1],"tags":[],"class_list":["post-210","post","type-post","status-publish","format-standard","hentry","category-uncategorized"],"yoast_head":"<!-- This site is optimized with the Yoast SEO plugin v27.4 - https:\/\/yoast.com\/product\/yoast-seo-wordpress\/ -->\n<title>Une saga alsacienne - Les Enqu\u00eates de Silas Robinson<\/title>\n<meta name=\"robots\" content=\"index, follow, max-snippet:-1, max-image-preview:large, max-video-preview:-1\" \/>\n<link rel=\"canonical\" href=\"https:\/\/marcelviau.net\/?p=210\" \/>\n<meta property=\"og:locale\" content=\"fr_FR\" \/>\n<meta property=\"og:type\" content=\"article\" \/>\n<meta property=\"og:title\" content=\"Une saga alsacienne - Les Enqu\u00eates de Silas Robinson\" \/>\n<meta property=\"og:description\" content=\"Dans le cadre d\u2019une s\u00e9rie de commentaires que je souhaite faire de romans policiers historiques, je voudrais d\u00e9buter par une trilogie \u00e9crite par Emmanuel Viau et publi\u00e9e r\u00e9cemment (2017-2019) aux \u00c9ditions du Signe. Ces trois ouvrages ne sont pas \u00e0 proprement parler des polars\u2009; on devrait plut\u00f4t les qualifier de romans noirs. Ils n\u2019en restent ... Lire la suite\" \/>\n<meta property=\"og:url\" content=\"https:\/\/marcelviau.net\/?p=210\" \/>\n<meta property=\"og:site_name\" content=\"Les Enqu\u00eates de Silas Robinson\" \/>\n<meta property=\"article:published_time\" content=\"2020-11-18T13:51:29+00:00\" \/>\n<meta property=\"article:modified_time\" content=\"2021-01-14T16:11:06+00:00\" \/>\n<meta name=\"author\" content=\"Marcel Viau\" \/>\n<meta name=\"twitter:card\" content=\"summary_large_image\" \/>\n<meta name=\"twitter:label1\" content=\"\u00c9crit par\" \/>\n\t<meta name=\"twitter:data1\" content=\"Marcel Viau\" \/>\n\t<meta name=\"twitter:label2\" content=\"Dur\u00e9e de lecture estim\u00e9e\" \/>\n\t<meta name=\"twitter:data2\" content=\"4 minutes\" \/>\n<script type=\"application\/ld+json\" class=\"yoast-schema-graph\">{\"@context\":\"https:\\\/\\\/schema.org\",\"@graph\":[{\"@type\":\"Article\",\"@id\":\"https:\\\/\\\/marcelviau.net\\\/?p=210#article\",\"isPartOf\":{\"@id\":\"https:\\\/\\\/marcelviau.net\\\/?p=210\"},\"author\":{\"name\":\"Marcel Viau\",\"@id\":\"https:\\\/\\\/marcelviau.net\\\/#\\\/schema\\\/person\\\/1606b12bb3273c47bb44adc6fbb4de84\"},\"headline\":\"Une saga alsacienne\",\"datePublished\":\"2020-11-18T13:51:29+00:00\",\"dateModified\":\"2021-01-14T16:11:06+00:00\",\"mainEntityOfPage\":{\"@id\":\"https:\\\/\\\/marcelviau.net\\\/?p=210\"},\"wordCount\":719,\"commentCount\":0,\"publisher\":{\"@id\":\"https:\\\/\\\/marcelviau.net\\\/#\\\/schema\\\/person\\\/1606b12bb3273c47bb44adc6fbb4de84\"},\"articleSection\":[\"Uncategorized\"],\"inLanguage\":\"fr-FR\",\"potentialAction\":[{\"@type\":\"CommentAction\",\"name\":\"Comment\",\"target\":[\"https:\\\/\\\/marcelviau.net\\\/?p=210#respond\"]}]},{\"@type\":\"WebPage\",\"@id\":\"https:\\\/\\\/marcelviau.net\\\/?p=210\",\"url\":\"https:\\\/\\\/marcelviau.net\\\/?p=210\",\"name\":\"Une saga alsacienne - Les Enqu\u00eates de Silas Robinson\",\"isPartOf\":{\"@id\":\"https:\\\/\\\/marcelviau.net\\\/#website\"},\"datePublished\":\"2020-11-18T13:51:29+00:00\",\"dateModified\":\"2021-01-14T16:11:06+00:00\",\"breadcrumb\":{\"@id\":\"https:\\\/\\\/marcelviau.net\\\/?p=210#breadcrumb\"},\"inLanguage\":\"fr-FR\",\"potentialAction\":[{\"@type\":\"ReadAction\",\"target\":[\"https:\\\/\\\/marcelviau.net\\\/?p=210\"]}]},{\"@type\":\"BreadcrumbList\",\"@id\":\"https:\\\/\\\/marcelviau.net\\\/?p=210#breadcrumb\",\"itemListElement\":[{\"@type\":\"ListItem\",\"position\":1,\"name\":\"Accueil\",\"item\":\"https:\\\/\\\/marcelviau.net\\\/\"},{\"@type\":\"ListItem\",\"position\":2,\"name\":\"Une saga alsacienne\"}]},{\"@type\":\"WebSite\",\"@id\":\"https:\\\/\\\/marcelviau.net\\\/#website\",\"url\":\"https:\\\/\\\/marcelviau.net\\\/\",\"name\":\"Les Enqu\u00eates de Silas Robinson\",\"description\":\"Romans policiers historiques par Marcel Viau\",\"publisher\":{\"@id\":\"https:\\\/\\\/marcelviau.net\\\/#\\\/schema\\\/person\\\/1606b12bb3273c47bb44adc6fbb4de84\"},\"potentialAction\":[{\"@type\":\"SearchAction\",\"target\":{\"@type\":\"EntryPoint\",\"urlTemplate\":\"https:\\\/\\\/marcelviau.net\\\/?s={search_term_string}\"},\"query-input\":{\"@type\":\"PropertyValueSpecification\",\"valueRequired\":true,\"valueName\":\"search_term_string\"}}],\"inLanguage\":\"fr-FR\"},{\"@type\":[\"Person\",\"Organization\"],\"@id\":\"https:\\\/\\\/marcelviau.net\\\/#\\\/schema\\\/person\\\/1606b12bb3273c47bb44adc6fbb4de84\",\"name\":\"Marcel Viau\",\"image\":{\"@type\":\"ImageObject\",\"inLanguage\":\"fr-FR\",\"@id\":\"https:\\\/\\\/marcelviau.net\\\/wp-content\\\/uploads\\\/2025\\\/07\\\/Viau-2025-scaled.jpg\",\"url\":\"https:\\\/\\\/marcelviau.net\\\/wp-content\\\/uploads\\\/2025\\\/07\\\/Viau-2025-scaled.jpg\",\"contentUrl\":\"https:\\\/\\\/marcelviau.net\\\/wp-content\\\/uploads\\\/2025\\\/07\\\/Viau-2025-scaled.jpg\",\"width\":1920,\"height\":2560,\"caption\":\"Marcel Viau\"},\"logo\":{\"@id\":\"https:\\\/\\\/marcelviau.net\\\/wp-content\\\/uploads\\\/2025\\\/07\\\/Viau-2025-scaled.jpg\"},\"sameAs\":[\"https:\\\/\\\/marcelviau.net\"],\"url\":\"https:\\\/\\\/marcelviau.net\\\/?author=1\"}]}<\/script>\n<!-- \/ Yoast SEO plugin. -->","yoast_head_json":{"title":"Une saga alsacienne - Les Enqu\u00eates de Silas Robinson","robots":{"index":"index","follow":"follow","max-snippet":"max-snippet:-1","max-image-preview":"max-image-preview:large","max-video-preview":"max-video-preview:-1"},"canonical":"https:\/\/marcelviau.net\/?p=210","og_locale":"fr_FR","og_type":"article","og_title":"Une saga alsacienne - Les Enqu\u00eates de Silas Robinson","og_description":"Dans le cadre d\u2019une s\u00e9rie de commentaires que je souhaite faire de romans policiers historiques, je voudrais d\u00e9buter par une trilogie \u00e9crite par Emmanuel Viau et publi\u00e9e r\u00e9cemment (2017-2019) aux \u00c9ditions du Signe. Ces trois ouvrages ne sont pas \u00e0 proprement parler des polars\u2009; on devrait plut\u00f4t les qualifier de romans noirs. Ils n\u2019en restent ... Lire la suite","og_url":"https:\/\/marcelviau.net\/?p=210","og_site_name":"Les Enqu\u00eates de Silas Robinson","article_published_time":"2020-11-18T13:51:29+00:00","article_modified_time":"2021-01-14T16:11:06+00:00","author":"Marcel Viau","twitter_card":"summary_large_image","twitter_misc":{"\u00c9crit par":"Marcel Viau","Dur\u00e9e de lecture estim\u00e9e":"4 minutes"},"schema":{"@context":"https:\/\/schema.org","@graph":[{"@type":"Article","@id":"https:\/\/marcelviau.net\/?p=210#article","isPartOf":{"@id":"https:\/\/marcelviau.net\/?p=210"},"author":{"name":"Marcel Viau","@id":"https:\/\/marcelviau.net\/#\/schema\/person\/1606b12bb3273c47bb44adc6fbb4de84"},"headline":"Une saga alsacienne","datePublished":"2020-11-18T13:51:29+00:00","dateModified":"2021-01-14T16:11:06+00:00","mainEntityOfPage":{"@id":"https:\/\/marcelviau.net\/?p=210"},"wordCount":719,"commentCount":0,"publisher":{"@id":"https:\/\/marcelviau.net\/#\/schema\/person\/1606b12bb3273c47bb44adc6fbb4de84"},"articleSection":["Uncategorized"],"inLanguage":"fr-FR","potentialAction":[{"@type":"CommentAction","name":"Comment","target":["https:\/\/marcelviau.net\/?p=210#respond"]}]},{"@type":"WebPage","@id":"https:\/\/marcelviau.net\/?p=210","url":"https:\/\/marcelviau.net\/?p=210","name":"Une saga alsacienne - Les Enqu\u00eates de Silas Robinson","isPartOf":{"@id":"https:\/\/marcelviau.net\/#website"},"datePublished":"2020-11-18T13:51:29+00:00","dateModified":"2021-01-14T16:11:06+00:00","breadcrumb":{"@id":"https:\/\/marcelviau.net\/?p=210#breadcrumb"},"inLanguage":"fr-FR","potentialAction":[{"@type":"ReadAction","target":["https:\/\/marcelviau.net\/?p=210"]}]},{"@type":"BreadcrumbList","@id":"https:\/\/marcelviau.net\/?p=210#breadcrumb","itemListElement":[{"@type":"ListItem","position":1,"name":"Accueil","item":"https:\/\/marcelviau.net\/"},{"@type":"ListItem","position":2,"name":"Une saga alsacienne"}]},{"@type":"WebSite","@id":"https:\/\/marcelviau.net\/#website","url":"https:\/\/marcelviau.net\/","name":"Les Enqu\u00eates de Silas Robinson","description":"Romans policiers historiques par Marcel Viau","publisher":{"@id":"https:\/\/marcelviau.net\/#\/schema\/person\/1606b12bb3273c47bb44adc6fbb4de84"},"potentialAction":[{"@type":"SearchAction","target":{"@type":"EntryPoint","urlTemplate":"https:\/\/marcelviau.net\/?s={search_term_string}"},"query-input":{"@type":"PropertyValueSpecification","valueRequired":true,"valueName":"search_term_string"}}],"inLanguage":"fr-FR"},{"@type":["Person","Organization"],"@id":"https:\/\/marcelviau.net\/#\/schema\/person\/1606b12bb3273c47bb44adc6fbb4de84","name":"Marcel Viau","image":{"@type":"ImageObject","inLanguage":"fr-FR","@id":"https:\/\/marcelviau.net\/wp-content\/uploads\/2025\/07\/Viau-2025-scaled.jpg","url":"https:\/\/marcelviau.net\/wp-content\/uploads\/2025\/07\/Viau-2025-scaled.jpg","contentUrl":"https:\/\/marcelviau.net\/wp-content\/uploads\/2025\/07\/Viau-2025-scaled.jpg","width":1920,"height":2560,"caption":"Marcel Viau"},"logo":{"@id":"https:\/\/marcelviau.net\/wp-content\/uploads\/2025\/07\/Viau-2025-scaled.jpg"},"sameAs":["https:\/\/marcelviau.net"],"url":"https:\/\/marcelviau.net\/?author=1"}]}},"jetpack_publicize_connections":[],"jetpack_featured_media_url":"","jetpack-related-posts":[{"id":286,"url":"https:\/\/marcelviau.net\/?p=286","url_meta":{"origin":210,"position":0},"title":"Les romans policiers historiques","author":"Marcel Viau","date":"13 janvier 2021","format":false,"excerpt":"Rue Notre Dame en 1850 Pour celles et ceux qui s\u2019impatientent de retrouver mon enqu\u00eateur Silas Robinson, vous n\u2019aurez pas longtemps \u00e0 attendre, car une deuxi\u00e8me enqu\u00eate est sur le point d\u2019\u00eatre publi\u00e9e sur mon blogue sous forme d\u2019\u00e9pisodes de feuilleton. Restez branch\u00e9s\u2009! D\u2019ici l\u00e0, j\u2019aimerais vous faire part de\u2026","rel":"","context":"Avec 2 commentaires","block_context":{"text":"Avec 2 commentaires","link":"https:\/\/marcelviau.net\/?p=286#comments"},"img":{"alt_text":"","src":"https:\/\/i0.wp.com\/marcelviau.net\/wp-content\/uploads\/2021\/01\/Looking-eastward-on-Notre-Dame-Street-c.-1850.png?resize=350%2C200&ssl=1","width":350,"height":200,"srcset":"https:\/\/i0.wp.com\/marcelviau.net\/wp-content\/uploads\/2021\/01\/Looking-eastward-on-Notre-Dame-Street-c.-1850.png?resize=350%2C200&ssl=1 1x, https:\/\/i0.wp.com\/marcelviau.net\/wp-content\/uploads\/2021\/01\/Looking-eastward-on-Notre-Dame-Street-c.-1850.png?resize=525%2C300&ssl=1 1.5x, https:\/\/i0.wp.com\/marcelviau.net\/wp-content\/uploads\/2021\/01\/Looking-eastward-on-Notre-Dame-Street-c.-1850.png?resize=700%2C400&ssl=1 2x, https:\/\/i0.wp.com\/marcelviau.net\/wp-content\/uploads\/2021\/01\/Looking-eastward-on-Notre-Dame-Street-c.-1850.png?resize=1050%2C600&ssl=1 3x"},"classes":[]},{"id":156,"url":"https:\/\/marcelviau.net\/?p=156","url_meta":{"origin":210,"position":1},"title":"Que devient le site Apophase ?","author":"Marcel Viau","date":"29 octobre 2020","format":false,"excerpt":"Bonjour, Celles et ceux qui sont les lecteurs fid\u00e8les ou sporadiques des \u00e9crits sur\u00a0Apophase\u00a0doivent sans doute se demander ce qu\u2019il advient de mon site web. Comme toute bonne chose a une fin,\u00a0Apophase\u00a0dispara\u00eet. Toutefois, l\u2019aventure \u00e0 l\u2019origine de sa cr\u00e9ation ne cesse pas pour autant. Plut\u00f4t, elle rena\u00eet sous la forme\u2026","rel":"","context":"Avec 15 commentaires","block_context":{"text":"Avec 15 commentaires","link":"https:\/\/marcelviau.net\/?p=156#comments"},"img":{"alt_text":"","src":"","width":0,"height":0},"classes":[]},{"id":255,"url":"https:\/\/marcelviau.net\/?p=255","url_meta":{"origin":210,"position":2},"title":"Quelle imagination!?","author":"Marcel Viau","date":"9 d\u00e9cembre 2020","format":false,"excerpt":"Calliope J\u2019ai re\u00e7u des commentaires de quelques lecteurs et lectrices qui, ayant lu mes romans ou mes contes, me disent comment ils me trouvent imaginatif. Je re\u00e7ois cette remarque \u00e9videmment comme un compliment, m\u00eame si je ne suis pas certain qu\u2019il soit m\u00e9rit\u00e9.\u00a0 Je ne sais pas comment fonctionnent les\u2026","rel":"","context":"Article similaire","block_context":{"text":"Article similaire","link":""},"img":{"alt_text":"","src":"https:\/\/i0.wp.com\/marcelviau.net\/wp-content\/uploads\/2020\/12\/Calliope_sarcophagus_Louvre_Ma475-scaled.jpg?resize=350%2C200&ssl=1","width":350,"height":200,"srcset":"https:\/\/i0.wp.com\/marcelviau.net\/wp-content\/uploads\/2020\/12\/Calliope_sarcophagus_Louvre_Ma475-scaled.jpg?resize=350%2C200&ssl=1 1x, https:\/\/i0.wp.com\/marcelviau.net\/wp-content\/uploads\/2020\/12\/Calliope_sarcophagus_Louvre_Ma475-scaled.jpg?resize=525%2C300&ssl=1 1.5x, https:\/\/i0.wp.com\/marcelviau.net\/wp-content\/uploads\/2020\/12\/Calliope_sarcophagus_Louvre_Ma475-scaled.jpg?resize=700%2C400&ssl=1 2x, https:\/\/i0.wp.com\/marcelviau.net\/wp-content\/uploads\/2020\/12\/Calliope_sarcophagus_Louvre_Ma475-scaled.jpg?resize=1050%2C600&ssl=1 3x, https:\/\/i0.wp.com\/marcelviau.net\/wp-content\/uploads\/2020\/12\/Calliope_sarcophagus_Louvre_Ma475-scaled.jpg?resize=1400%2C800&ssl=1 4x"},"classes":[]},{"id":3461,"url":"https:\/\/marcelviau.net\/?p=3461","url_meta":{"origin":210,"position":3},"title":"Belle Dame-\u00c9pisode 8","author":"Marcel Viau","date":"4 mars 2026","format":false,"excerpt":"Le poste de police Robinson se tenait debout pr\u00e8s de la fen\u00eatre, observant les ombres s\u2019\u00e9tirer sur la place du March\u00e9 Bonsecours. Derri\u00e8re lui, ses trois d\u00e9tectives attendaient, install\u00e9s \u00e0 leur bureau respectif encombr\u00e9 de dossiers et de notes. Kelly avait pos\u00e9 ses pieds bott\u00e9s sur une chaise vide, sa\u2026","rel":"","context":"Dans &quot;Silas-9&quot;","block_context":{"text":"Silas-9","link":"https:\/\/marcelviau.net\/?cat=49"},"img":{"alt_text":"","src":"https:\/\/i0.wp.com\/marcelviau.net\/wp-content\/uploads\/2026\/02\/8.Image-Dame.png?resize=350%2C200&ssl=1","width":350,"height":200,"srcset":"https:\/\/i0.wp.com\/marcelviau.net\/wp-content\/uploads\/2026\/02\/8.Image-Dame.png?resize=350%2C200&ssl=1 1x, https:\/\/i0.wp.com\/marcelviau.net\/wp-content\/uploads\/2026\/02\/8.Image-Dame.png?resize=525%2C300&ssl=1 1.5x, https:\/\/i0.wp.com\/marcelviau.net\/wp-content\/uploads\/2026\/02\/8.Image-Dame.png?resize=700%2C400&ssl=1 2x"},"classes":[]},{"id":3407,"url":"https:\/\/marcelviau.net\/?p=3407","url_meta":{"origin":210,"position":4},"title":"Belle Dame-\u00c9pisode 5","author":"Marcel Viau","date":"11 f\u00e9vrier 2026","format":false,"excerpt":"Chez les Dames de la Sainte-Famille Miss Dupuis remontait la rue Notre-Dame d\u2019un pas vif, l\u2019enveloppe de cuir serr\u00e9e contre sa poitrine. Les \u00e9rables qui bordaient la chauss\u00e9e d\u00e9ployaient leurs feuillages flamboyants (or, cuivre et pourpre) dans le ciel d\u2019un bleu \u00e9clatant. Le soleil de fin septembre chauffait agr\u00e9ablement ses\u2026","rel":"","context":"Dans &quot;Silas-9&quot;","block_context":{"text":"Silas-9","link":"https:\/\/marcelviau.net\/?cat=49"},"img":{"alt_text":"","src":"https:\/\/i0.wp.com\/marcelviau.net\/wp-content\/uploads\/2026\/02\/5.Image-Dame.png?resize=350%2C200&ssl=1","width":350,"height":200,"srcset":"https:\/\/i0.wp.com\/marcelviau.net\/wp-content\/uploads\/2026\/02\/5.Image-Dame.png?resize=350%2C200&ssl=1 1x, https:\/\/i0.wp.com\/marcelviau.net\/wp-content\/uploads\/2026\/02\/5.Image-Dame.png?resize=525%2C300&ssl=1 1.5x, https:\/\/i0.wp.com\/marcelviau.net\/wp-content\/uploads\/2026\/02\/5.Image-Dame.png?resize=700%2C400&ssl=1 2x"},"classes":[]},{"id":3615,"url":"https:\/\/marcelviau.net\/?p=3615","url_meta":{"origin":210,"position":5},"title":"Belle Dame-\u00c9pisode 14","author":"Marcel Viau","date":"15 avril 2026","format":false,"excerpt":"Les fun\u00e9railles de Rose Robinson poussa la porte du Caf\u00e9 de Paris, un \u00e9tablissement de la rue Saint-Paul qu\u2019il fr\u00e9quentait depuis des ann\u00e9es. L\u2019endroit n\u2019avait rien d\u2019un palace, mais sa r\u00e9putation n\u2019\u00e9tait plus \u00e0 faire aupr\u00e8s des marchands et des hommes d\u2019affaires du quartier. Les murs lambriss\u00e9s de bois sombre,\u2026","rel":"","context":"Dans &quot;Silas-9&quot;","block_context":{"text":"Silas-9","link":"https:\/\/marcelviau.net\/?cat=49"},"img":{"alt_text":"","src":"https:\/\/i0.wp.com\/marcelviau.net\/wp-content\/uploads\/2026\/04\/14.Image-Dame.png?resize=350%2C200&ssl=1","width":350,"height":200,"srcset":"https:\/\/i0.wp.com\/marcelviau.net\/wp-content\/uploads\/2026\/04\/14.Image-Dame.png?resize=350%2C200&ssl=1 1x, https:\/\/i0.wp.com\/marcelviau.net\/wp-content\/uploads\/2026\/04\/14.Image-Dame.png?resize=525%2C300&ssl=1 1.5x, https:\/\/i0.wp.com\/marcelviau.net\/wp-content\/uploads\/2026\/04\/14.Image-Dame.png?resize=700%2C400&ssl=1 2x"},"classes":[]}],"jetpack_sharing_enabled":true,"_links":{"self":[{"href":"https:\/\/marcelviau.net\/index.php?rest_route=\/wp\/v2\/posts\/210","targetHints":{"allow":["GET"]}}],"collection":[{"href":"https:\/\/marcelviau.net\/index.php?rest_route=\/wp\/v2\/posts"}],"about":[{"href":"https:\/\/marcelviau.net\/index.php?rest_route=\/wp\/v2\/types\/post"}],"author":[{"embeddable":true,"href":"https:\/\/marcelviau.net\/index.php?rest_route=\/wp\/v2\/users\/1"}],"replies":[{"embeddable":true,"href":"https:\/\/marcelviau.net\/index.php?rest_route=%2Fwp%2Fv2%2Fcomments&post=210"}],"version-history":[{"count":11,"href":"https:\/\/marcelviau.net\/index.php?rest_route=\/wp\/v2\/posts\/210\/revisions"}],"predecessor-version":[{"id":459,"href":"https:\/\/marcelviau.net\/index.php?rest_route=\/wp\/v2\/posts\/210\/revisions\/459"}],"wp:attachment":[{"href":"https:\/\/marcelviau.net\/index.php?rest_route=%2Fwp%2Fv2%2Fmedia&parent=210"}],"wp:term":[{"taxonomy":"category","embeddable":true,"href":"https:\/\/marcelviau.net\/index.php?rest_route=%2Fwp%2Fv2%2Fcategories&post=210"},{"taxonomy":"post_tag","embeddable":true,"href":"https:\/\/marcelviau.net\/index.php?rest_route=%2Fwp%2Fv2%2Ftags&post=210"}],"curies":[{"name":"wp","href":"https:\/\/api.w.org\/{rel}","templated":true}]}}